{"id":10784,"date":"2020-10-09T21:02:59","date_gmt":"2020-10-09T21:02:59","guid":{"rendered":"https:\/\/ncdprod.wpengine.com\/?p=10784"},"modified":"2020-10-14T17:40:52","modified_gmt":"2020-10-14T17:40:52","slug":"children-with-disabilities-need-to-be-seen-and-heard-too","status":"publish","type":"post","link":"https:\/\/nationalchildday.org\/fr\/children-with-disabilities-need-to-be-seen-and-heard-too\/","title":{"rendered":"Les enfants handicap\u00e9s doivent aussi \u00eatre vus et entendus"},"content":{"rendered":"<p>En pensant au th\u00e8me de la Journ\u00e9e nationale de l&#039;enfant cette ann\u00e9e\u2014que les enfants doivent \u00eatre vus et entendus\u2014je me souviens d&#039;une rencontre que j&#039;ai eue avec l&#039;un des clients de Holland Bloorview il y a quelques ann\u00e9es. Lorsque j&#039;ai rencontr\u00e9 cet adolescent, je ne connaissais pas le tableau de communication qu&#039;il utilisait pour s&#039;exprimer. J&#039;ai essay\u00e9 de lui parler, mais j&#039;ai vite compris que je ne pouvais pas le comprendre. Je ne savais pas quoi faire. Cela m&#039;a embarrass\u00e9 de l&#039;admettre, que je pouvais le voir, mais je ne pouvais pas <i>\u00e9couter<\/i> lui.<\/p>\n<p>Je me suis jur\u00e9 de faire mieux. Je me suis tourn\u00e9 vers Google pour obtenir des conseils, comme nous le faisons souvent, et j&#039;ai appris \u00e0 m&#039;adapter \u00e0 lui, et non l&#039;inverse. La prochaine fois que j&#039;ai rencontr\u00e9 ce client et sa famille, nous avons pu avoir une conversation, m\u00eame si j&#039;ai d\u00fb lui demander de ralentir. Sans surprise, il \u00e9tait brillant et attachant.<\/p>\n<p>En y r\u00e9fl\u00e9chissant, je reconnais que <i>je<\/i> avait d\u00e9sactiv\u00e9 <i>lui<\/i> la premi\u00e8re fois que nous nous sommes rencontr\u00e9s. Parce que je ne savais pas comment communiquer avec lui, nous n&#039;avions pas pu interagir de mani\u00e8re significative. Si je n&#039;avais pas appris \u00e0 le comprendre dans son mode de communication pr\u00e9f\u00e9r\u00e9, j&#039;aurais rat\u00e9 tout ce que j&#039;ai appris de lui et le temps que j&#039;ai pass\u00e9 avec lui depuis notre introduction. Cela aurait \u00e9t\u00e9 ma perte, pas la sienne.<\/p>\n<p>Cette prise de conscience m&#039;a fait r\u00e9fl\u00e9chir \u00e0 la fr\u00e9quence \u00e0 laquelle les enfants et les adultes qui communiquent diff\u00e9remment sont n\u00e9glig\u00e9s et \u00e0 la fa\u00e7on dont nous souffrons tous lorsque cela se produit. C&#039;est une approche na\u00efve et \u00e0 courte vue de n&#039;accueillir que les contributions de personnes qui communiquent par des moyens auxquels nous sommes habitu\u00e9s. La question de savoir si la contribution d&#039;une personne est invit\u00e9e ne doit pas d\u00e9pendre de son mode de communication pr\u00e9f\u00e9r\u00e9.<\/p>\n<p>Pour moi, la Journ\u00e9e nationale de l&#039;enfant met cela en \u00e9vidence. C&#039;est l&#039;occasion de montrer aux enfants que leur voix est valoris\u00e9e. C&#039;est l&#039;occasion de reconna\u00eetre l&#039;engagement du Canada \u00e0 respecter et \u00e0 honorer les droits des enfants, tous les enfants, dans un contexte mondial. C&#039;est le moment d&#039;amplifier les pens\u00e9es et les sentiments des enfants handicap\u00e9s, qui sont souvent invisibles et inaudibles.<\/p>\n<p>Chez Holland Bloorview, notre objectif 24\/7\/365 est de sensibiliser \u00e0 l&#039;inclusion. Depuis plus de 120 ans, nous nous occupons d&#039;enfants handicap\u00e9s et nous consid\u00e9rons qu&#039;il est de notre responsabilit\u00e9 de faire avancer la justice sociale pour les clients que nous servons. J&#039;aimerais partager avec vous l&#039;une des fa\u00e7ons dont nous le faisons.<\/p>\n<p>Dans sa quatri\u00e8me ann\u00e9e, notre campagne Cher tout le monde est un mouvement national qui cherche \u00e0 mettre fin \u00e0 la stigmatisation du handicap et \u00e0 accro\u00eetre la repr\u00e9sentation des personnes handicap\u00e9es, y compris les enfants, dans les m\u00e9dias. Saviez-vous que parmi le top 10 des \u00e9missions t\u00e9l\u00e9vis\u00e9es du r\u00e9seau en 2018, seuls 12% de personnages en situation de handicap ont \u00e9t\u00e9 interpr\u00e9t\u00e9s par des acteurs ayant le m\u00eame diagnostic dans la vraie vie ? Nous sommes en d\u00e9saccord avec cela \u00e0 Holland Bloorview, et nous essayons de le changer.<\/p>\n<p><a name=\"_GoBack\"><\/a>Si vous ressentez la m\u00eame chose, je vous exhorte \u00e0 vous joindre \u00e0 des milliers de vos concitoyens canadiens en signant le <a href=\"https:\/\/deareverybody.hollandbloorview.ca\/\">Cher tout le monde accord<\/a>, qui appelle les marques et les fournisseurs \u00e0 rendre le paysage m\u00e9diatique plus inclusif. La repr\u00e9sentation compte, et il est temps que les personnes handicap\u00e9es soient incluses dans l&#039;image. Exhortez vos marques pr\u00e9f\u00e9r\u00e9es \u00e0 inclure le handicap dans l&#039;image, tout comme Roots, un fervent partisan de l&#039;accord Cher tout le monde.<\/p>\n<p>En cette Journ\u00e9e nationale de l&#039;enfant, je suis fier de d\u00e9fendre les enfants, handicap\u00e9s ou non. Chaque enfant m\u00e9rite d&#039;\u00eatre vu et entendu, mais pour que cela se produise, c&#039;est \u00e0 nous tous d&#039;utiliser nos voix pour prot\u00e9ger <i>leur<\/i> droits.<\/p>","protected":false},"excerpt":{"rendered":"En pensant au th\u00e8me de la Journ\u00e9e nationale de l&#039;enfant de cette ann\u00e9e, \u00e0 savoir que les enfants doivent \u00eatre vus et entendus, je me souviens d&#039;une rencontre que j&#039;ai eue avec l&#039;un des clients de Holland Bloorview il y a quelques ann\u00e9es. Lorsque j&#039;ai rencontr\u00e9 cet adolescent, je ne connaissais pas le tableau de communication qu&#039;il utilisait pour s&#039;exprimer. J&#039;ai essay\u00e9 de parler \u00e0 [...]","protected":false},"author":3,"featured_media":10805,"comment_status":"open","ping_status":"open","sticky":false,"template":"","format":"standard","meta":{"_acf_changed":false,"footnotes":""},"categories":[1],"tags":[],"class_list":["post-10784","post","type-post","status-publish","format-standard","has-post-thumbnail","hentry","category-uncategorized"],"acf":[],"yoast_head":"<!-- This site is optimized with the Yoast SEO plugin v26.6 - https:\/\/yoast.com\/wordpress\/plugins\/seo\/ -->\n<title>Children with disabilities need to be seen and heard, too &#8226; National Child Day<\/title>\n<meta name=\"description\" content=\"As I think about National Child Day\u2019s theme this year\u2014that children should be seen and heard\u2014I\u2019m reminded of an encounter I had with one of Holland Bloorview\u2019s clients a number of years ago.\" \/>\n<meta name=\"robots\" content=\"index, follow, max-snippet:-1, max-image-preview:large, max-video-preview:-1\" \/>\n<link rel=\"canonical\" href=\"https:\/\/nationalchildday.org\/fr\/children-with-disabilities-need-to-be-seen-and-heard-too\/\" \/>\n<meta property=\"og:locale\" content=\"fr_CA\" \/>\n<meta property=\"og:type\" content=\"article\" \/>\n<meta property=\"og:title\" content=\"Children with disabilities need to be seen and heard, too &#8226; National Child Day\" \/>\n<meta property=\"og:description\" content=\"As I think about National Child Day\u2019s theme this year\u2014that children should be seen and heard\u2014I\u2019m reminded of an encounter I had with one of Holland Bloorview\u2019s clients a number of years ago.\" \/>\n<meta property=\"og:url\" content=\"https:\/\/nationalchildday.org\/fr\/children-with-disabilities-need-to-be-seen-and-heard-too\/\" \/>\n<meta property=\"og:site_name\" content=\"National Child Day\" \/>\n<meta property=\"article:publisher\" content=\"https:\/\/www.facebook.com\/childrenfirstcanada\/\" \/>\n<meta property=\"article:published_time\" content=\"2020-10-09T21:02:59+00:00\" \/>\n<meta property=\"article:modified_time\" content=\"2020-10-14T17:40:52+00:00\" \/>\n<meta property=\"og:image\" content=\"https:\/\/nationalchildday.org\/wp-content\/uploads\/2020\/10\/Julia-head-shot-credit-Lisa-MacIntosh-scaled.jpg\" \/>\n\t<meta property=\"og:image:width\" content=\"2560\" \/>\n\t<meta property=\"og:image:height\" content=\"1707\" \/>\n\t<meta property=\"og:image:type\" content=\"image\/jpeg\" \/>\n<meta name=\"author\" content=\"Aurelie Chaumeret\" \/>\n<meta name=\"twitter:card\" content=\"summary_large_image\" \/>\n<meta name=\"twitter:creator\" content=\"@children1stca\" \/>\n<meta name=\"twitter:site\" content=\"@children1stca\" \/>\n<meta name=\"twitter:label1\" content=\"\u00c9crit par\" \/>\n\t<meta name=\"twitter:data1\" content=\"Aurelie Chaumeret\" \/>\n\t<meta name=\"twitter:label2\" content=\"Estimation du temps de lecture\" \/>\n\t<meta name=\"twitter:data2\" content=\"3 minutes\" \/>\n<script type=\"application\/ld+json\" class=\"yoast-schema-graph\">{\"@context\":\"https:\/\/schema.org\",\"@graph\":[{\"@type\":\"Article\",\"@id\":\"https:\/\/nationalchildday.org\/children-with-disabilities-need-to-be-seen-and-heard-too\/#article\",\"isPartOf\":{\"@id\":\"https:\/\/nationalchildday.org\/children-with-disabilities-need-to-be-seen-and-heard-too\/\"},\"author\":{\"name\":\"Aurelie Chaumeret\",\"@id\":\"https:\/\/nationalchildday.org\/#\/schema\/person\/a408084444c74ac4a5c71b23fdc0a9ce\"},\"headline\":\"Children with disabilities need to be seen and heard, too\",\"datePublished\":\"2020-10-09T21:02:59+00:00\",\"dateModified\":\"2020-10-14T17:40:52+00:00\",\"mainEntityOfPage\":{\"@id\":\"https:\/\/nationalchildday.org\/children-with-disabilities-need-to-be-seen-and-heard-too\/\"},\"wordCount\":610,\"commentCount\":0,\"publisher\":{\"@id\":\"https:\/\/nationalchildday.org\/#organization\"},\"image\":{\"@id\":\"https:\/\/nationalchildday.org\/children-with-disabilities-need-to-be-seen-and-heard-too\/#primaryimage\"},\"thumbnailUrl\":\"https:\/\/nationalchildday.org\/wp-content\/uploads\/2020\/10\/Julia-head-shot-credit-Lisa-MacIntosh-scaled.jpg\",\"articleSection\":[\"Uncategorized\"],\"inLanguage\":\"fr-CA\",\"potentialAction\":[{\"@type\":\"CommentAction\",\"name\":\"Comment\",\"target\":[\"https:\/\/nationalchildday.org\/children-with-disabilities-need-to-be-seen-and-heard-too\/#respond\"]}]},{\"@type\":\"WebPage\",\"@id\":\"https:\/\/nationalchildday.org\/children-with-disabilities-need-to-be-seen-and-heard-too\/\",\"url\":\"https:\/\/nationalchildday.org\/children-with-disabilities-need-to-be-seen-and-heard-too\/\",\"name\":\"Children with disabilities need to be seen and heard, too &#8226; National Child Day\",\"isPartOf\":{\"@id\":\"https:\/\/nationalchildday.org\/#website\"},\"primaryImageOfPage\":{\"@id\":\"https:\/\/nationalchildday.org\/children-with-disabilities-need-to-be-seen-and-heard-too\/#primaryimage\"},\"image\":{\"@id\":\"https:\/\/nationalchildday.org\/children-with-disabilities-need-to-be-seen-and-heard-too\/#primaryimage\"},\"thumbnailUrl\":\"https:\/\/nationalchildday.org\/wp-content\/uploads\/2020\/10\/Julia-head-shot-credit-Lisa-MacIntosh-scaled.jpg\",\"datePublished\":\"2020-10-09T21:02:59+00:00\",\"dateModified\":\"2020-10-14T17:40:52+00:00\",\"description\":\"As I think about National Child Day\u2019s theme this year\u2014that children should be seen and heard\u2014I\u2019m reminded of an encounter I had with one of Holland Bloorview\u2019s clients a number of years ago.\",\"breadcrumb\":{\"@id\":\"https:\/\/nationalchildday.org\/children-with-disabilities-need-to-be-seen-and-heard-too\/#breadcrumb\"},\"inLanguage\":\"fr-CA\",\"potentialAction\":[{\"@type\":\"ReadAction\",\"target\":[\"https:\/\/nationalchildday.org\/children-with-disabilities-need-to-be-seen-and-heard-too\/\"]}]},{\"@type\":\"ImageObject\",\"inLanguage\":\"fr-CA\",\"@id\":\"https:\/\/nationalchildday.org\/children-with-disabilities-need-to-be-seen-and-heard-too\/#primaryimage\",\"url\":\"https:\/\/nationalchildday.org\/wp-content\/uploads\/2020\/10\/Julia-head-shot-credit-Lisa-MacIntosh-scaled.jpg\",\"contentUrl\":\"https:\/\/nationalchildday.org\/wp-content\/uploads\/2020\/10\/Julia-head-shot-credit-Lisa-MacIntosh-scaled.jpg\",\"width\":2560,\"height\":1707},{\"@type\":\"BreadcrumbList\",\"@id\":\"https:\/\/nationalchildday.org\/children-with-disabilities-need-to-be-seen-and-heard-too\/#breadcrumb\",\"itemListElement\":[{\"@type\":\"ListItem\",\"position\":1,\"name\":\"Home\",\"item\":\"https:\/\/nationalchildday.org\/\"},{\"@type\":\"ListItem\",\"position\":2,\"name\":\"Children with disabilities need to be seen and heard, too\"}]},{\"@type\":\"WebSite\",\"@id\":\"https:\/\/nationalchildday.org\/#website\",\"url\":\"https:\/\/nationalchildday.org\/\",\"name\":\"National Child Day\",\"description\":\"EVERY child has something in common - their rights!\",\"publisher\":{\"@id\":\"https:\/\/nationalchildday.org\/#organization\"},\"potentialAction\":[{\"@type\":\"SearchAction\",\"target\":{\"@type\":\"EntryPoint\",\"urlTemplate\":\"https:\/\/nationalchildday.org\/?s={search_term_string}\"},\"query-input\":{\"@type\":\"PropertyValueSpecification\",\"valueRequired\":true,\"valueName\":\"search_term_string\"}}],\"inLanguage\":\"fr-CA\"},{\"@type\":\"Organization\",\"@id\":\"https:\/\/nationalchildday.org\/#organization\",\"name\":\"Children First Canada\",\"url\":\"https:\/\/nationalchildday.org\/\",\"logo\":{\"@type\":\"ImageObject\",\"inLanguage\":\"fr-CA\",\"@id\":\"https:\/\/nationalchildday.org\/#\/schema\/logo\/image\/\",\"url\":\"https:\/\/nationalchildday.org\/wp-content\/uploads\/2019\/09\/national-child-day-footer.png\",\"contentUrl\":\"https:\/\/nationalchildday.org\/wp-content\/uploads\/2019\/09\/national-child-day-footer.png\",\"width\":233,\"height\":221,\"caption\":\"Children First Canada\"},\"image\":{\"@id\":\"https:\/\/nationalchildday.org\/#\/schema\/logo\/image\/\"},\"sameAs\":[\"https:\/\/www.facebook.com\/childrenfirstcanada\/\",\"https:\/\/x.com\/children1stca\",\"https:\/\/www.instagram.com\/children1stca\/\"]},{\"@type\":\"Person\",\"@id\":\"https:\/\/nationalchildday.org\/#\/schema\/person\/a408084444c74ac4a5c71b23fdc0a9ce\",\"name\":\"Aurelie Chaumeret\",\"image\":{\"@type\":\"ImageObject\",\"inLanguage\":\"fr-CA\",\"@id\":\"https:\/\/nationalchildday.org\/#\/schema\/person\/image\/\",\"url\":\"https:\/\/secure.gravatar.com\/avatar\/49a3374f9d07fbb003c17aa60eca50f9fd2a82f9c1428d6fbb46b5c5696b44e2?s=96&d=mm&r=g\",\"contentUrl\":\"https:\/\/secure.gravatar.com\/avatar\/49a3374f9d07fbb003c17aa60eca50f9fd2a82f9c1428d6fbb46b5c5696b44e2?s=96&d=mm&r=g\",\"caption\":\"Aurelie Chaumeret\"}}]}<\/script>\n<!-- \/ Yoast SEO plugin. -->","yoast_head_json":{"title":"Les enfants handicap\u00e9s doivent \u00e9galement \u00eatre vus et entendus. \u2022 Journ\u00e9e nationale de l&#039;enfant","description":"En pensant au th\u00e8me de la Journ\u00e9e nationale de l&#039;enfant cette ann\u00e9e\u2014que les enfants doivent \u00eatre vus et entendus\u2014je me souviens d&#039;une rencontre que j&#039;ai eue avec l&#039;un des clients de Holland Bloorview il y a quelques ann\u00e9es.","robots":{"index":"index","follow":"follow","max-snippet":"max-snippet:-1","max-image-preview":"max-image-preview:large","max-video-preview":"max-video-preview:-1"},"canonical":"https:\/\/nationalchildday.org\/fr\/children-with-disabilities-need-to-be-seen-and-heard-too\/","og_locale":"fr_CA","og_type":"article","og_title":"Children with disabilities need to be seen and heard, too &#8226; National Child Day","og_description":"As I think about National Child Day\u2019s theme this year\u2014that children should be seen and heard\u2014I\u2019m reminded of an encounter I had with one of Holland Bloorview\u2019s clients a number of years ago.","og_url":"https:\/\/nationalchildday.org\/fr\/children-with-disabilities-need-to-be-seen-and-heard-too\/","og_site_name":"National Child Day","article_publisher":"https:\/\/www.facebook.com\/childrenfirstcanada\/","article_published_time":"2020-10-09T21:02:59+00:00","article_modified_time":"2020-10-14T17:40:52+00:00","og_image":[{"width":2560,"height":1707,"url":"https:\/\/nationalchildday.org\/wp-content\/uploads\/2020\/10\/Julia-head-shot-credit-Lisa-MacIntosh-scaled.jpg","type":"image\/jpeg"}],"author":"Aurelie Chaumeret","twitter_card":"summary_large_image","twitter_creator":"@children1stca","twitter_site":"@children1stca","twitter_misc":{"\u00c9crit par":"Aurelie Chaumeret","Estimation du temps de lecture":"3 minutes"},"schema":{"@context":"https:\/\/schema.org","@graph":[{"@type":"Article","@id":"https:\/\/nationalchildday.org\/children-with-disabilities-need-to-be-seen-and-heard-too\/#article","isPartOf":{"@id":"https:\/\/nationalchildday.org\/children-with-disabilities-need-to-be-seen-and-heard-too\/"},"author":{"name":"Aurelie Chaumeret","@id":"https:\/\/nationalchildday.org\/#\/schema\/person\/a408084444c74ac4a5c71b23fdc0a9ce"},"headline":"Children with disabilities need to be seen and heard, too","datePublished":"2020-10-09T21:02:59+00:00","dateModified":"2020-10-14T17:40:52+00:00","mainEntityOfPage":{"@id":"https:\/\/nationalchildday.org\/children-with-disabilities-need-to-be-seen-and-heard-too\/"},"wordCount":610,"commentCount":0,"publisher":{"@id":"https:\/\/nationalchildday.org\/#organization"},"image":{"@id":"https:\/\/nationalchildday.org\/children-with-disabilities-need-to-be-seen-and-heard-too\/#primaryimage"},"thumbnailUrl":"https:\/\/nationalchildday.org\/wp-content\/uploads\/2020\/10\/Julia-head-shot-credit-Lisa-MacIntosh-scaled.jpg","articleSection":["Uncategorized"],"inLanguage":"fr-CA","potentialAction":[{"@type":"CommentAction","name":"Comment","target":["https:\/\/nationalchildday.org\/children-with-disabilities-need-to-be-seen-and-heard-too\/#respond"]}]},{"@type":"WebPage","@id":"https:\/\/nationalchildday.org\/children-with-disabilities-need-to-be-seen-and-heard-too\/","url":"https:\/\/nationalchildday.org\/children-with-disabilities-need-to-be-seen-and-heard-too\/","name":"Les enfants handicap\u00e9s doivent \u00e9galement \u00eatre vus et entendus. \u2022 Journ\u00e9e nationale de l&#039;enfant","isPartOf":{"@id":"https:\/\/nationalchildday.org\/#website"},"primaryImageOfPage":{"@id":"https:\/\/nationalchildday.org\/children-with-disabilities-need-to-be-seen-and-heard-too\/#primaryimage"},"image":{"@id":"https:\/\/nationalchildday.org\/children-with-disabilities-need-to-be-seen-and-heard-too\/#primaryimage"},"thumbnailUrl":"https:\/\/nationalchildday.org\/wp-content\/uploads\/2020\/10\/Julia-head-shot-credit-Lisa-MacIntosh-scaled.jpg","datePublished":"2020-10-09T21:02:59+00:00","dateModified":"2020-10-14T17:40:52+00:00","description":"En pensant au th\u00e8me de la Journ\u00e9e nationale de l&#039;enfant cette ann\u00e9e\u2014que les enfants doivent \u00eatre vus et entendus\u2014je me souviens d&#039;une rencontre que j&#039;ai eue avec l&#039;un des clients de Holland Bloorview il y a quelques ann\u00e9es.","breadcrumb":{"@id":"https:\/\/nationalchildday.org\/children-with-disabilities-need-to-be-seen-and-heard-too\/#breadcrumb"},"inLanguage":"fr-CA","potentialAction":[{"@type":"ReadAction","target":["https:\/\/nationalchildday.org\/children-with-disabilities-need-to-be-seen-and-heard-too\/"]}]},{"@type":"ImageObject","inLanguage":"fr-CA","@id":"https:\/\/nationalchildday.org\/children-with-disabilities-need-to-be-seen-and-heard-too\/#primaryimage","url":"https:\/\/nationalchildday.org\/wp-content\/uploads\/2020\/10\/Julia-head-shot-credit-Lisa-MacIntosh-scaled.jpg","contentUrl":"https:\/\/nationalchildday.org\/wp-content\/uploads\/2020\/10\/Julia-head-shot-credit-Lisa-MacIntosh-scaled.jpg","width":2560,"height":1707},{"@type":"BreadcrumbList","@id":"https:\/\/nationalchildday.org\/children-with-disabilities-need-to-be-seen-and-heard-too\/#breadcrumb","itemListElement":[{"@type":"ListItem","position":1,"name":"Home","item":"https:\/\/nationalchildday.org\/"},{"@type":"ListItem","position":2,"name":"Children with disabilities need to be seen and heard, too"}]},{"@type":"WebSite","@id":"https:\/\/nationalchildday.org\/#website","url":"https:\/\/nationalchildday.org\/","name":"Journ\u00e9e nationale de l&#039;enfant","description":"CHAQUE enfant a quelque chose en commun : ses droits !","publisher":{"@id":"https:\/\/nationalchildday.org\/#organization"},"potentialAction":[{"@type":"SearchAction","target":{"@type":"EntryPoint","urlTemplate":"https:\/\/nationalchildday.org\/?s={search_term_string}"},"query-input":{"@type":"PropertyValueSpecification","valueRequired":true,"valueName":"search_term_string"}}],"inLanguage":"fr-CA"},{"@type":"Organization","@id":"https:\/\/nationalchildday.org\/#organization","name":"Les enfants d&#039;abord Canada","url":"https:\/\/nationalchildday.org\/","logo":{"@type":"ImageObject","inLanguage":"fr-CA","@id":"https:\/\/nationalchildday.org\/#\/schema\/logo\/image\/","url":"https:\/\/nationalchildday.org\/wp-content\/uploads\/2019\/09\/national-child-day-footer.png","contentUrl":"https:\/\/nationalchildday.org\/wp-content\/uploads\/2019\/09\/national-child-day-footer.png","width":233,"height":221,"caption":"Children First Canada"},"image":{"@id":"https:\/\/nationalchildday.org\/#\/schema\/logo\/image\/"},"sameAs":["https:\/\/www.facebook.com\/childrenfirstcanada\/","https:\/\/x.com\/children1stca","https:\/\/www.instagram.com\/children1stca\/"]},{"@type":"Person","@id":"https:\/\/nationalchildday.org\/#\/schema\/person\/a408084444c74ac4a5c71b23fdc0a9ce","name":"Aur\u00e9lie Chaumeret","image":{"@type":"ImageObject","inLanguage":"fr-CA","@id":"https:\/\/nationalchildday.org\/#\/schema\/person\/image\/","url":"https:\/\/secure.gravatar.com\/avatar\/49a3374f9d07fbb003c17aa60eca50f9fd2a82f9c1428d6fbb46b5c5696b44e2?s=96&d=mm&r=g","contentUrl":"https:\/\/secure.gravatar.com\/avatar\/49a3374f9d07fbb003c17aa60eca50f9fd2a82f9c1428d6fbb46b5c5696b44e2?s=96&d=mm&r=g","caption":"Aurelie Chaumeret"}}]}},"jetpack_featured_media_url":"https:\/\/nationalchildday.org\/wp-content\/uploads\/2020\/10\/Julia-head-shot-credit-Lisa-MacIntosh-scaled.jpg","_links":{"self":[{"href":"https:\/\/nationalchildday.org\/fr\/wp-json\/wp\/v2\/posts\/10784","targetHints":{"allow":["GET"]}}],"collection":[{"href":"https:\/\/nationalchildday.org\/fr\/wp-json\/wp\/v2\/posts"}],"about":[{"href":"https:\/\/nationalchildday.org\/fr\/wp-json\/wp\/v2\/types\/post"}],"author":[{"embeddable":true,"href":"https:\/\/nationalchildday.org\/fr\/wp-json\/wp\/v2\/users\/3"}],"replies":[{"embeddable":true,"href":"https:\/\/nationalchildday.org\/fr\/wp-json\/wp\/v2\/comments?post=10784"}],"version-history":[{"count":0,"href":"https:\/\/nationalchildday.org\/fr\/wp-json\/wp\/v2\/posts\/10784\/revisions"}],"wp:featuredmedia":[{"embeddable":true,"href":"https:\/\/nationalchildday.org\/fr\/wp-json\/wp\/v2\/media\/10805"}],"wp:attachment":[{"href":"https:\/\/nationalchildday.org\/fr\/wp-json\/wp\/v2\/media?parent=10784"}],"wp:term":[{"taxonomy":"category","embeddable":true,"href":"https:\/\/nationalchildday.org\/fr\/wp-json\/wp\/v2\/categories?post=10784"},{"taxonomy":"post_tag","embeddable":true,"href":"https:\/\/nationalchildday.org\/fr\/wp-json\/wp\/v2\/tags?post=10784"}],"curies":[{"name":"wp","href":"https:\/\/api.w.org\/{rel}","templated":true}]}}