{"id":11172,"date":"2020-11-09T15:48:56","date_gmt":"2020-11-09T15:48:56","guid":{"rendered":"https:\/\/ncdprod.wpengine.com\/?p=11172"},"modified":"2020-11-09T15:51:40","modified_gmt":"2020-11-09T15:51:40","slug":"calling-all-mentors","status":"publish","type":"post","link":"https:\/\/nationalchildday.org\/fr\/calling-all-mentors\/","title":{"rendered":"Appel \u00e0 tous les mentors"},"content":{"rendered":"<p><span style=\"font-family: Times New Roman, serif;\"><span style=\"font-size: medium;\"><span style=\"color: #000000;\"><span style=\"font-family: Calibri, serif;\">Alors que les restrictions COVID-19 commencent \u00e0 se lever, nous devons nous souvenir de ces jeunes qui sont toujours pi\u00e9g\u00e9s dans une forme d&#039;isolement social - sans but, seuls, seuls et en perte d&#039;espoir - et r\u00e9fl\u00e9chir \u00e0 la fa\u00e7on dont nous pouvons nous rallier pour nous assurer que le pouvoir de les relations peuvent donner un sens \u00e0 une g\u00e9n\u00e9ration car elle investit pour aider \u00e0 \u00e9lever la suivante. <\/span><\/span><\/span><\/span><\/p>\n<p><span style=\"font-family: Times New Roman, serif;\"><span style=\"font-size: medium;\"><span style=\"font-family: Calibri, serif;\">Comment le mentorat soutient-il les droits d&#039;un enfant?<\/span><span style=\"color: #000000;\"><span style=\"font-family: Calibri, serif;\"> Le mentorat est un excellent moyen d&#039;ajouter un autre adulte attentionn\u00e9 \u00e0 la vie d&#039;un enfant pour s&#039;assurer qu&#039;il est #SeenAndEntendu.<\/span><\/span><\/span><\/span><\/p>\n<p><span style=\"font-family: Times New Roman, serif;\"><span style=\"font-size: medium;\"><span style=\"color: #000000;\"><span style=\"font-family: Calibri, serif;\">Le mentorat est soutenu par la recherche en tant qu&#039;intervention \u00e0 fort impact et \u00e0 faible co\u00fbt qui peut assurer la continuit\u00e9 du soutien \u00e9motionnel, de la connexion et de la stabilit\u00e9 essentiels dont un jeune a besoin en p\u00e9riode d&#039;incertitude et de bouleversement. Parfois, cela fournit la bou\u00e9e de sauvetage et la connexion n\u00e9cessaires pour apporter de l&#039;espoir pour l&#039;avenir.<\/span><\/span><\/span><\/span><\/p>\n<p><span style=\"font-family: Times New Roman, serif;\"><span style=\"font-size: medium;\"><span style=\"color: #000000;\"><span style=\"font-family: Calibri, serif;\">Chez MENTOR Canada, nous demandons \u00e0 plus de mentors d&#039;aller de l&#039;avant en allant \u00e0 l&#039;ext\u00e9rieur de leur famille imm\u00e9diate pour se rendre disponibles pour un jeune. Les estimations actuelles d\u00e9passent les 15 000 jeunes sur les listes d&#039;attente pour un mentor \u2013 une personne \u00e2g\u00e9e attentionn\u00e9e qui s&#039;int\u00e9resse \u00e0 eux \u2013 quelqu&#039;un comme vous. <\/span><\/span><span style=\"color: #444444;\"><span style=\"font-family: Calibri, serif;\">Que signifie \u00eatre un mentor ? En savoir plus avec notre<\/span><\/span><a href=\"https:\/\/mentoringcanada.ca\/en\/online-orientation-mentors\" target=\"_blank\" rel=\"noopener noreferrer\"><span style=\"font-family: Calibri, serif;\"> Orientation gratuite des mentors en ligne<\/span><\/a><span style=\"color: #444444;\"><span style=\"font-family: Calibri, serif;\">.<\/span><\/span><\/span><\/span><\/p>\n<p><span style=\"font-family: Times New Roman, serif;\"><span style=\"font-size: medium;\"><span style=\"color: #000000;\"><span style=\"font-family: Calibri, serif;\">Les enfants repr\u00e9sentent un quart de la population canadienne et 100% de notre avenir. Ce sont des citoyens avec des droits, des opinions et des id\u00e9es. Pour de nombreux enfants, un mentor peut devenir leur d\u00e9fenseur \u2013 quelqu&#039;un pour les aider \u00e0 faire entendre leur voix, \u00e0 d\u00e9fendre leurs besoins et \u00e0 les \u00e9couter. Lorsque nous aidons les enfants \u00e0 \u00eatre vus et entendus, nous les aidons \u00e0 s&#039;\u00e9panouir.<\/span><\/span><\/span><\/span><\/p>\n<p><span style=\"font-family: Times New Roman, serif;\"><span style=\"font-size: medium;\"><span style=\"color: #000000;\"><span style=\"font-family: Calibri, serif;\">Pour trouver une exp\u00e9rience de mentorat pr\u00e8s de chez vous, visitez <a href=\"http:\/\/becomeamentor.ca\" target=\"_blank\" rel=\"noopener noreferrer\">deveniramentor.ca<\/a>.<\/span><\/span><\/span><\/span><\/p>","protected":false},"excerpt":{"rendered":"Alors que les restrictions COVID-19 commencent \u00e0 se lever, nous devons nous souvenir de ces jeunes qui sont toujours pi\u00e9g\u00e9s dans une forme d&#039;isolement social.","protected":false},"author":3,"featured_media":11173,"comment_status":"open","ping_status":"open","sticky":false,"template":"","format":"standard","meta":{"_acf_changed":false,"footnotes":""},"categories":[1],"tags":[],"class_list":["post-11172","post","type-post","status-publish","format-standard","has-post-thumbnail","hentry","category-uncategorized"],"acf":[],"yoast_head":"<!-- This site is optimized with the Yoast SEO plugin v28.4 - https:\/\/yoast.com\/product\/yoast-seo-wordpress\/ -->\n<title>Calling all Mentors &#8226; National Child Day<\/title>\n<meta name=\"description\" content=\"As COVID-19 restrictions begin to lift, we must remember those young people who are still trapped in a form of social isolation.\" \/>\n<meta name=\"robots\" content=\"index, follow, max-snippet:-1, max-image-preview:large, max-video-preview:-1\" \/>\n<link rel=\"canonical\" href=\"https:\/\/nationalchildday.org\/fr\/calling-all-mentors\/\" \/>\n<meta property=\"og:locale\" content=\"fr_CA\" \/>\n<meta property=\"og:type\" content=\"article\" \/>\n<meta property=\"og:title\" content=\"Calling all Mentors &#8226; National Child Day\" \/>\n<meta property=\"og:description\" content=\"As COVID-19 restrictions begin to lift, we must remember those young people who are still trapped in a form of social isolation.\" \/>\n<meta property=\"og:url\" content=\"https:\/\/nationalchildday.org\/fr\/calling-all-mentors\/\" \/>\n<meta property=\"og:site_name\" content=\"National Child Day\" \/>\n<meta property=\"article:publisher\" content=\"https:\/\/www.facebook.com\/childrenfirstcanada\/\" \/>\n<meta property=\"article:published_time\" content=\"2020-11-09T15:48:56+00:00\" \/>\n<meta property=\"article:modified_time\" content=\"2020-11-09T15:51:40+00:00\" \/>\n<meta property=\"og:image\" content=\"https:\/\/nationalchildday.org\/wp-content\/uploads\/2020\/11\/Thank-your-mentor-7.jpg\" \/>\n\t<meta property=\"og:image:width\" content=\"1600\" \/>\n\t<meta property=\"og:image:height\" content=\"1067\" \/>\n\t<meta property=\"og:image:type\" content=\"image\/jpeg\" \/>\n<meta name=\"author\" content=\"Aurelie Chaumeret\" \/>\n<meta name=\"twitter:card\" content=\"summary_large_image\" \/>\n<meta name=\"twitter:creator\" content=\"@children1stca\" \/>\n<meta name=\"twitter:site\" content=\"@children1stca\" \/>\n<meta name=\"twitter:label1\" content=\"\u00c9crit par\" \/>\n\t<meta name=\"twitter:data1\" content=\"Aurelie Chaumeret\" \/>\n\t<meta name=\"twitter:label2\" content=\"Estimation du temps de lecture\" \/>\n\t<meta name=\"twitter:data2\" content=\"1 minute\" \/>\n<script type=\"application\/ld+json\" class=\"yoast-schema-graph\">{\"@context\":\"https:\\\/\\\/schema.org\",\"@graph\":[{\"@type\":\"Article\",\"@id\":\"https:\\\/\\\/nationalchildday.org\\\/calling-all-mentors\\\/#article\",\"isPartOf\":{\"@id\":\"https:\\\/\\\/nationalchildday.org\\\/calling-all-mentors\\\/\"},\"author\":{\"name\":\"Aurelie Chaumeret\",\"@id\":\"https:\\\/\\\/nationalchildday.org\\\/#\\\/schema\\\/person\\\/a408084444c74ac4a5c71b23fdc0a9ce\"},\"headline\":\"Calling all Mentors\",\"datePublished\":\"2020-11-09T15:48:56+00:00\",\"dateModified\":\"2020-11-09T15:51:40+00:00\",\"mainEntityOfPage\":{\"@id\":\"https:\\\/\\\/nationalchildday.org\\\/calling-all-mentors\\\/\"},\"wordCount\":277,\"commentCount\":0,\"publisher\":{\"@id\":\"https:\\\/\\\/nationalchildday.org\\\/#organization\"},\"image\":{\"@id\":\"https:\\\/\\\/nationalchildday.org\\\/calling-all-mentors\\\/#primaryimage\"},\"thumbnailUrl\":\"https:\\\/\\\/nationalchildday.org\\\/wp-content\\\/uploads\\\/2020\\\/11\\\/Thank-your-mentor-7.jpg\",\"articleSection\":[\"Uncategorized\"],\"inLanguage\":\"fr-CA\",\"potentialAction\":[{\"@type\":\"CommentAction\",\"name\":\"Comment\",\"target\":[\"https:\\\/\\\/nationalchildday.org\\\/calling-all-mentors\\\/#respond\"]}]},{\"@type\":\"WebPage\",\"@id\":\"https:\\\/\\\/nationalchildday.org\\\/calling-all-mentors\\\/\",\"url\":\"https:\\\/\\\/nationalchildday.org\\\/calling-all-mentors\\\/\",\"name\":\"Calling all Mentors &#8226; National Child Day\",\"isPartOf\":{\"@id\":\"https:\\\/\\\/nationalchildday.org\\\/#website\"},\"primaryImageOfPage\":{\"@id\":\"https:\\\/\\\/nationalchildday.org\\\/calling-all-mentors\\\/#primaryimage\"},\"image\":{\"@id\":\"https:\\\/\\\/nationalchildday.org\\\/calling-all-mentors\\\/#primaryimage\"},\"thumbnailUrl\":\"https:\\\/\\\/nationalchildday.org\\\/wp-content\\\/uploads\\\/2020\\\/11\\\/Thank-your-mentor-7.jpg\",\"datePublished\":\"2020-11-09T15:48:56+00:00\",\"dateModified\":\"2020-11-09T15:51:40+00:00\",\"description\":\"As COVID-19 restrictions begin to lift, we must remember those young people who are still trapped in a form of social isolation.\",\"breadcrumb\":{\"@id\":\"https:\\\/\\\/nationalchildday.org\\\/calling-all-mentors\\\/#breadcrumb\"},\"inLanguage\":\"fr-CA\",\"potentialAction\":[{\"@type\":\"ReadAction\",\"target\":[\"https:\\\/\\\/nationalchildday.org\\\/calling-all-mentors\\\/\"]}]},{\"@type\":\"ImageObject\",\"inLanguage\":\"fr-CA\",\"@id\":\"https:\\\/\\\/nationalchildday.org\\\/calling-all-mentors\\\/#primaryimage\",\"url\":\"https:\\\/\\\/nationalchildday.org\\\/wp-content\\\/uploads\\\/2020\\\/11\\\/Thank-your-mentor-7.jpg\",\"contentUrl\":\"https:\\\/\\\/nationalchildday.org\\\/wp-content\\\/uploads\\\/2020\\\/11\\\/Thank-your-mentor-7.jpg\",\"width\":1600,\"height\":1067},{\"@type\":\"BreadcrumbList\",\"@id\":\"https:\\\/\\\/nationalchildday.org\\\/calling-all-mentors\\\/#breadcrumb\",\"itemListElement\":[{\"@type\":\"ListItem\",\"position\":1,\"name\":\"Home\",\"item\":\"https:\\\/\\\/nationalchildday.org\\\/\"},{\"@type\":\"ListItem\",\"position\":2,\"name\":\"Calling all Mentors\"}]},{\"@type\":\"WebSite\",\"@id\":\"https:\\\/\\\/nationalchildday.org\\\/#website\",\"url\":\"https:\\\/\\\/nationalchildday.org\\\/\",\"name\":\"National Child Day\",\"description\":\"EVERY child has something in common - their rights!\",\"publisher\":{\"@id\":\"https:\\\/\\\/nationalchildday.org\\\/#organization\"},\"potentialAction\":[{\"@type\":\"SearchAction\",\"target\":{\"@type\":\"EntryPoint\",\"urlTemplate\":\"https:\\\/\\\/nationalchildday.org\\\/?s={search_term_string}\"},\"query-input\":{\"@type\":\"PropertyValueSpecification\",\"valueRequired\":true,\"valueName\":\"search_term_string\"}}],\"inLanguage\":\"fr-CA\"},{\"@type\":\"Organization\",\"@id\":\"https:\\\/\\\/nationalchildday.org\\\/#organization\",\"name\":\"Children First Canada\",\"url\":\"https:\\\/\\\/nationalchildday.org\\\/\",\"logo\":{\"@type\":\"ImageObject\",\"inLanguage\":\"fr-CA\",\"@id\":\"https:\\\/\\\/nationalchildday.org\\\/#\\\/schema\\\/logo\\\/image\\\/\",\"url\":\"https:\\\/\\\/nationalchildday.org\\\/wp-content\\\/uploads\\\/2019\\\/09\\\/national-child-day-footer.png\",\"contentUrl\":\"https:\\\/\\\/nationalchildday.org\\\/wp-content\\\/uploads\\\/2019\\\/09\\\/national-child-day-footer.png\",\"width\":233,\"height\":221,\"caption\":\"Children First Canada\"},\"image\":{\"@id\":\"https:\\\/\\\/nationalchildday.org\\\/#\\\/schema\\\/logo\\\/image\\\/\"},\"sameAs\":[\"https:\\\/\\\/www.facebook.com\\\/childrenfirstcanada\\\/\",\"https:\\\/\\\/x.com\\\/children1stca\",\"https:\\\/\\\/www.instagram.com\\\/children1stca\\\/\"]},{\"@type\":\"Person\",\"@id\":\"https:\\\/\\\/nationalchildday.org\\\/#\\\/schema\\\/person\\\/a408084444c74ac4a5c71b23fdc0a9ce\",\"name\":\"Aurelie Chaumeret\",\"image\":{\"@type\":\"ImageObject\",\"inLanguage\":\"fr-CA\",\"@id\":\"https:\\\/\\\/secure.gravatar.com\\\/avatar\\\/49a3374f9d07fbb003c17aa60eca50f9fd2a82f9c1428d6fbb46b5c5696b44e2?s=96&d=mm&r=g\",\"url\":\"https:\\\/\\\/secure.gravatar.com\\\/avatar\\\/49a3374f9d07fbb003c17aa60eca50f9fd2a82f9c1428d6fbb46b5c5696b44e2?s=96&d=mm&r=g\",\"contentUrl\":\"https:\\\/\\\/secure.gravatar.com\\\/avatar\\\/49a3374f9d07fbb003c17aa60eca50f9fd2a82f9c1428d6fbb46b5c5696b44e2?s=96&d=mm&r=g\",\"caption\":\"Aurelie Chaumeret\"}}]}<\/script>\n<!-- \/ Yoast SEO plugin. -->","yoast_head_json":{"title":"Appel \u00e0 tous les mentors \u2022 Journ\u00e9e nationale de l&#039;enfant","description":"Alors que les restrictions COVID-19 commencent \u00e0 se lever, nous devons nous souvenir de ces jeunes qui sont toujours pi\u00e9g\u00e9s dans une forme d&#039;isolement social.","robots":{"index":"index","follow":"follow","max-snippet":"max-snippet:-1","max-image-preview":"max-image-preview:large","max-video-preview":"max-video-preview:-1"},"canonical":"https:\/\/nationalchildday.org\/fr\/calling-all-mentors\/","og_locale":"fr_CA","og_type":"article","og_title":"Calling all Mentors &#8226; National Child Day","og_description":"As COVID-19 restrictions begin to lift, we must remember those young people who are still trapped in a form of social isolation.","og_url":"https:\/\/nationalchildday.org\/fr\/calling-all-mentors\/","og_site_name":"National Child Day","article_publisher":"https:\/\/www.facebook.com\/childrenfirstcanada\/","article_published_time":"2020-11-09T15:48:56+00:00","article_modified_time":"2020-11-09T15:51:40+00:00","og_image":[{"width":1600,"height":1067,"url":"https:\/\/nationalchildday.org\/wp-content\/uploads\/2020\/11\/Thank-your-mentor-7.jpg","type":"image\/jpeg"}],"author":"Aurelie Chaumeret","twitter_card":"summary_large_image","twitter_creator":"@children1stca","twitter_site":"@children1stca","twitter_misc":{"\u00c9crit par":"Aurelie Chaumeret","Estimation du temps de lecture":"1 minute"},"schema":{"@context":"https:\/\/schema.org","@graph":[{"@type":"Article","@id":"https:\/\/nationalchildday.org\/calling-all-mentors\/#article","isPartOf":{"@id":"https:\/\/nationalchildday.org\/calling-all-mentors\/"},"author":{"name":"Aurelie Chaumeret","@id":"https:\/\/nationalchildday.org\/#\/schema\/person\/a408084444c74ac4a5c71b23fdc0a9ce"},"headline":"Calling all Mentors","datePublished":"2020-11-09T15:48:56+00:00","dateModified":"2020-11-09T15:51:40+00:00","mainEntityOfPage":{"@id":"https:\/\/nationalchildday.org\/calling-all-mentors\/"},"wordCount":277,"commentCount":0,"publisher":{"@id":"https:\/\/nationalchildday.org\/#organization"},"image":{"@id":"https:\/\/nationalchildday.org\/calling-all-mentors\/#primaryimage"},"thumbnailUrl":"https:\/\/nationalchildday.org\/wp-content\/uploads\/2020\/11\/Thank-your-mentor-7.jpg","articleSection":["Uncategorized"],"inLanguage":"fr-CA","potentialAction":[{"@type":"CommentAction","name":"Comment","target":["https:\/\/nationalchildday.org\/calling-all-mentors\/#respond"]}]},{"@type":"WebPage","@id":"https:\/\/nationalchildday.org\/calling-all-mentors\/","url":"https:\/\/nationalchildday.org\/calling-all-mentors\/","name":"Appel \u00e0 tous les mentors \u2022 Journ\u00e9e nationale de l&#039;enfant","isPartOf":{"@id":"https:\/\/nationalchildday.org\/#website"},"primaryImageOfPage":{"@id":"https:\/\/nationalchildday.org\/calling-all-mentors\/#primaryimage"},"image":{"@id":"https:\/\/nationalchildday.org\/calling-all-mentors\/#primaryimage"},"thumbnailUrl":"https:\/\/nationalchildday.org\/wp-content\/uploads\/2020\/11\/Thank-your-mentor-7.jpg","datePublished":"2020-11-09T15:48:56+00:00","dateModified":"2020-11-09T15:51:40+00:00","description":"Alors que les restrictions COVID-19 commencent \u00e0 se lever, nous devons nous souvenir de ces jeunes qui sont toujours pi\u00e9g\u00e9s dans une forme d&#039;isolement social.","breadcrumb":{"@id":"https:\/\/nationalchildday.org\/calling-all-mentors\/#breadcrumb"},"inLanguage":"fr-CA","potentialAction":[{"@type":"ReadAction","target":["https:\/\/nationalchildday.org\/calling-all-mentors\/"]}]},{"@type":"ImageObject","inLanguage":"fr-CA","@id":"https:\/\/nationalchildday.org\/calling-all-mentors\/#primaryimage","url":"https:\/\/nationalchildday.org\/wp-content\/uploads\/2020\/11\/Thank-your-mentor-7.jpg","contentUrl":"https:\/\/nationalchildday.org\/wp-content\/uploads\/2020\/11\/Thank-your-mentor-7.jpg","width":1600,"height":1067},{"@type":"BreadcrumbList","@id":"https:\/\/nationalchildday.org\/calling-all-mentors\/#breadcrumb","itemListElement":[{"@type":"ListItem","position":1,"name":"Home","item":"https:\/\/nationalchildday.org\/"},{"@type":"ListItem","position":2,"name":"Calling all Mentors"}]},{"@type":"WebSite","@id":"https:\/\/nationalchildday.org\/#website","url":"https:\/\/nationalchildday.org\/","name":"Journ\u00e9e nationale de l&#039;enfant","description":"CHAQUE enfant a quelque chose en commun : ses droits !","publisher":{"@id":"https:\/\/nationalchildday.org\/#organization"},"potentialAction":[{"@type":"SearchAction","target":{"@type":"EntryPoint","urlTemplate":"https:\/\/nationalchildday.org\/?s={search_term_string}"},"query-input":{"@type":"PropertyValueSpecification","valueRequired":true,"valueName":"search_term_string"}}],"inLanguage":"fr-CA"},{"@type":"Organization","@id":"https:\/\/nationalchildday.org\/#organization","name":"Les enfants d&#039;abord Canada","url":"https:\/\/nationalchildday.org\/","logo":{"@type":"ImageObject","inLanguage":"fr-CA","@id":"https:\/\/nationalchildday.org\/#\/schema\/logo\/image\/","url":"https:\/\/nationalchildday.org\/wp-content\/uploads\/2019\/09\/national-child-day-footer.png","contentUrl":"https:\/\/nationalchildday.org\/wp-content\/uploads\/2019\/09\/national-child-day-footer.png","width":233,"height":221,"caption":"Children First Canada"},"image":{"@id":"https:\/\/nationalchildday.org\/#\/schema\/logo\/image\/"},"sameAs":["https:\/\/www.facebook.com\/childrenfirstcanada\/","https:\/\/x.com\/children1stca","https:\/\/www.instagram.com\/children1stca\/"]},{"@type":"Person","@id":"https:\/\/nationalchildday.org\/#\/schema\/person\/a408084444c74ac4a5c71b23fdc0a9ce","name":"Aur\u00e9lie Chaumeret","image":{"@type":"ImageObject","inLanguage":"fr-CA","@id":"https:\/\/secure.gravatar.com\/avatar\/49a3374f9d07fbb003c17aa60eca50f9fd2a82f9c1428d6fbb46b5c5696b44e2?s=96&d=mm&r=g","url":"https:\/\/secure.gravatar.com\/avatar\/49a3374f9d07fbb003c17aa60eca50f9fd2a82f9c1428d6fbb46b5c5696b44e2?s=96&d=mm&r=g","contentUrl":"https:\/\/secure.gravatar.com\/avatar\/49a3374f9d07fbb003c17aa60eca50f9fd2a82f9c1428d6fbb46b5c5696b44e2?s=96&d=mm&r=g","caption":"Aurelie Chaumeret"}}]}},"jetpack_featured_media_url":"https:\/\/nationalchildday.org\/wp-content\/uploads\/2020\/11\/Thank-your-mentor-7.jpg","_links":{"self":[{"href":"https:\/\/nationalchildday.org\/fr\/wp-json\/wp\/v2\/posts\/11172","targetHints":{"allow":["GET"]}}],"collection":[{"href":"https:\/\/nationalchildday.org\/fr\/wp-json\/wp\/v2\/posts"}],"about":[{"href":"https:\/\/nationalchildday.org\/fr\/wp-json\/wp\/v2\/types\/post"}],"author":[{"embeddable":true,"href":"https:\/\/nationalchildday.org\/fr\/wp-json\/wp\/v2\/users\/3"}],"replies":[{"embeddable":true,"href":"https:\/\/nationalchildday.org\/fr\/wp-json\/wp\/v2\/comments?post=11172"}],"version-history":[{"count":0,"href":"https:\/\/nationalchildday.org\/fr\/wp-json\/wp\/v2\/posts\/11172\/revisions"}],"wp:featuredmedia":[{"embeddable":true,"href":"https:\/\/nationalchildday.org\/fr\/wp-json\/wp\/v2\/media\/11173"}],"wp:attachment":[{"href":"https:\/\/nationalchildday.org\/fr\/wp-json\/wp\/v2\/media?parent=11172"}],"wp:term":[{"taxonomy":"category","embeddable":true,"href":"https:\/\/nationalchildday.org\/fr\/wp-json\/wp\/v2\/categories?post=11172"},{"taxonomy":"post_tag","embeddable":true,"href":"https:\/\/nationalchildday.org\/fr\/wp-json\/wp\/v2\/tags?post=11172"}],"curies":[{"name":"wp","href":"https:\/\/api.w.org\/{rel}","templated":true}]}}