{"id":12047,"date":"2021-11-01T19:48:18","date_gmt":"2021-11-01T19:48:18","guid":{"rendered":"https:\/\/ncdprod.wpengine.com\/?p=12047"},"modified":"2021-11-18T17:54:07","modified_gmt":"2021-11-18T17:54:07","slug":"national-child-day-2021-colouring-contest","status":"publish","type":"post","link":"https:\/\/nationalchildday.org\/fr\/national-child-day-2021-colouring-contest\/","title":{"rendered":"Concours de coloriage Journ\u00e9e nationale de l&#039;enfant 2021"},"content":{"rendered":"<div data-elementor-type=\"wp-post\" data-elementor-id=\"12047\" class=\"elementor elementor-12047\" data-elementor-post-type=\"post\">\n\t\t\t\t\t\t<section data-particle_enable=\"false\" data-particle-mobile-disabled=\"false\" class=\"elementor-section elementor-top-section elementor-element elementor-element-4077ccea elementor-section-boxed elementor-section-height-default elementor-section-height-default\" data-id=\"4077ccea\" data-element_type=\"section\">\n\t\t\t\t\t\t<div class=\"elementor-container elementor-column-gap-default\">\n\t\t\t\t\t<div class=\"elementor-column elementor-col-100 elementor-top-column elementor-element elementor-element-77934209\" data-id=\"77934209\" data-element_type=\"column\">\n\t\t\t<div class=\"elementor-widget-wrap elementor-element-populated\">\n\t\t\t\t\t\t<div class=\"elementor-element elementor-element-6baf404 elementor-widget elementor-widget-button\" data-id=\"6baf404\" data-element_type=\"widget\" data-widget_type=\"button.default\">\n\t\t\t\t<div class=\"elementor-widget-container\">\n\t\t\t\t\t\t\t\t\t<div class=\"elementor-button-wrapper\">\n\t\t\t\t\t<a class=\"elementor-button elementor-button-link elementor-size-sm\" href=\"https:\/\/nationalchildday.org\/wp-content\/uploads\/2021\/11\/101921_MMTNCDPrintable-1.pdf\">\n\t\t\t\t\t\t<span class=\"elementor-button-content-wrapper\">\n\t\t\t\t\t\t\t\t\t<span class=\"elementor-button-text\">T\u00e9l\u00e9charger la feuille de coloriage<\/span>\n\t\t\t\t\t<\/span>\n\t\t\t\t\t<\/a>\n\t\t\t\t<\/div>\n\t\t\t\t\t\t\t\t<\/div>\n\t\t\t\t<\/div>\n\t\t\t\t<div class=\"elementor-element elementor-element-9f45553 elementor-widget elementor-widget-button\" data-id=\"9f45553\" data-element_type=\"widget\" data-widget_type=\"button.default\">\n\t\t\t\t<div class=\"elementor-widget-container\">\n\t\t\t\t\t\t\t\t\t<div class=\"elementor-button-wrapper\">\n\t\t\t\t\t<a class=\"elementor-button elementor-button-link elementor-size-sm\" href=\"https:\/\/www.dropbox.com\/request\/EXG9ldBHz0JhLA8hLG9J\">\n\t\t\t\t\t\t<span class=\"elementor-button-content-wrapper\">\n\t\t\t\t\t\t\t\t\t<span class=\"elementor-button-text\">Soumettre la feuille de coloriage remplie<\/span>\n\t\t\t\t\t<\/span>\n\t\t\t\t\t<\/a>\n\t\t\t\t<\/div>\n\t\t\t\t\t\t\t\t<\/div>\n\t\t\t\t<\/div>\n\t\t\t\t\t<\/div>\n\t\t<\/div>\n\t\t\t\t\t<\/div>\n\t\t<\/section>\n\t\t\t\t<\/div>","protected":false},"excerpt":{"rendered":"Cliquez ici pour conna\u00eetre les gagnants du concours de coloriage de la Journ\u00e9e nationale de l&#039;enfant 2021\u00a0! La Journ\u00e9e nationale de l&#039;enfant approche \u00e0 grands pas, le 20 novembre. C&#039;est le moment de reconna\u00eetre l&#039;engagement du Canada \u00e0 d\u00e9fendre les droits des enfants d&#039;un oc\u00e9an \u00e0 l&#039;autre. Il y a 8 millions d\u2019enfants au Canada et ils m\u00e9ritent de conna\u00eetre leur [\u2026]","protected":false},"author":3,"featured_media":11750,"comment_status":"open","ping_status":"open","sticky":false,"template":"","format":"standard","meta":{"_acf_changed":false,"footnotes":""},"categories":[1],"tags":[],"class_list":["post-12047","post","type-post","status-publish","format-standard","has-post-thumbnail","hentry","category-uncategorized","event_year-50"],"acf":[],"yoast_head":"<!-- This site is optimized with the Yoast SEO plugin v26.6 - https:\/\/yoast.com\/wordpress\/plugins\/seo\/ -->\n<title>National Child Day 2021 Colouring Contest &#8226; National Child Day<\/title>\n<meta name=\"robots\" content=\"index, follow, max-snippet:-1, max-image-preview:large, max-video-preview:-1\" \/>\n<link rel=\"canonical\" href=\"https:\/\/nationalchildday.org\/fr\/national-child-day-2021-colouring-contest\/\" \/>\n<meta property=\"og:locale\" content=\"fr_CA\" \/>\n<meta property=\"og:type\" content=\"article\" \/>\n<meta property=\"og:title\" content=\"National Child Day 2021 Colouring Contest &#8226; National Child Day\" \/>\n<meta property=\"og:description\" content=\"Click here for the National Child Day 2021 Colouring Contest Winners!\u00a0 National Child Day is just around the corner on November 20. It\u2019s a time to recognize Canada\u2019s commitment to upholding the rights of children from coast to coast to coast. There are 8 million kids in Canada and they deserve to learn about their [&hellip;]\" \/>\n<meta property=\"og:url\" content=\"https:\/\/nationalchildday.org\/fr\/national-child-day-2021-colouring-contest\/\" \/>\n<meta property=\"og:site_name\" content=\"National Child Day\" \/>\n<meta property=\"article:publisher\" content=\"https:\/\/www.facebook.com\/childrenfirstcanada\/\" \/>\n<meta property=\"article:published_time\" content=\"2021-11-01T19:48:18+00:00\" \/>\n<meta property=\"article:modified_time\" content=\"2021-11-18T17:54:07+00:00\" \/>\n<meta property=\"og:image\" content=\"https:\/\/nationalchildday.org\/wp-content\/uploads\/2021\/10\/ColouringContest.jpeg\" \/>\n\t<meta property=\"og:image:width\" content=\"1152\" \/>\n\t<meta property=\"og:image:height\" content=\"768\" \/>\n\t<meta property=\"og:image:type\" content=\"image\/jpeg\" \/>\n<meta name=\"author\" content=\"Aurelie Chaumeret\" \/>\n<meta name=\"twitter:card\" content=\"summary_large_image\" \/>\n<meta name=\"twitter:creator\" content=\"@children1stca\" \/>\n<meta name=\"twitter:site\" content=\"@children1stca\" \/>\n<meta name=\"twitter:label1\" content=\"\u00c9crit par\" \/>\n\t<meta name=\"twitter:data1\" content=\"Aurelie Chaumeret\" \/>\n\t<meta name=\"twitter:label2\" content=\"Estimation du temps de lecture\" \/>\n\t<meta name=\"twitter:data2\" content=\"2 minutes\" \/>\n<script type=\"application\/ld+json\" class=\"yoast-schema-graph\">{\"@context\":\"https:\/\/schema.org\",\"@graph\":[{\"@type\":\"Article\",\"@id\":\"https:\/\/nationalchildday.org\/national-child-day-2021-colouring-contest\/#article\",\"isPartOf\":{\"@id\":\"https:\/\/nationalchildday.org\/national-child-day-2021-colouring-contest\/\"},\"author\":{\"name\":\"Aurelie Chaumeret\",\"@id\":\"https:\/\/nationalchildday.org\/#\/schema\/person\/a408084444c74ac4a5c71b23fdc0a9ce\"},\"headline\":\"National Child Day 2021 Colouring Contest\",\"datePublished\":\"2021-11-01T19:48:18+00:00\",\"dateModified\":\"2021-11-18T17:54:07+00:00\",\"mainEntityOfPage\":{\"@id\":\"https:\/\/nationalchildday.org\/national-child-day-2021-colouring-contest\/\"},\"wordCount\":358,\"commentCount\":0,\"publisher\":{\"@id\":\"https:\/\/nationalchildday.org\/#organization\"},\"image\":{\"@id\":\"https:\/\/nationalchildday.org\/national-child-day-2021-colouring-contest\/#primaryimage\"},\"thumbnailUrl\":\"https:\/\/nationalchildday.org\/wp-content\/uploads\/2021\/10\/ColouringContest.jpeg\",\"articleSection\":[\"Uncategorized\"],\"inLanguage\":\"fr-CA\",\"potentialAction\":[{\"@type\":\"CommentAction\",\"name\":\"Comment\",\"target\":[\"https:\/\/nationalchildday.org\/national-child-day-2021-colouring-contest\/#respond\"]}]},{\"@type\":\"WebPage\",\"@id\":\"https:\/\/nationalchildday.org\/national-child-day-2021-colouring-contest\/\",\"url\":\"https:\/\/nationalchildday.org\/national-child-day-2021-colouring-contest\/\",\"name\":\"National Child Day 2021 Colouring Contest &#8226; National Child Day\",\"isPartOf\":{\"@id\":\"https:\/\/nationalchildday.org\/#website\"},\"primaryImageOfPage\":{\"@id\":\"https:\/\/nationalchildday.org\/national-child-day-2021-colouring-contest\/#primaryimage\"},\"image\":{\"@id\":\"https:\/\/nationalchildday.org\/national-child-day-2021-colouring-contest\/#primaryimage\"},\"thumbnailUrl\":\"https:\/\/nationalchildday.org\/wp-content\/uploads\/2021\/10\/ColouringContest.jpeg\",\"datePublished\":\"2021-11-01T19:48:18+00:00\",\"dateModified\":\"2021-11-18T17:54:07+00:00\",\"breadcrumb\":{\"@id\":\"https:\/\/nationalchildday.org\/national-child-day-2021-colouring-contest\/#breadcrumb\"},\"inLanguage\":\"fr-CA\",\"potentialAction\":[{\"@type\":\"ReadAction\",\"target\":[\"https:\/\/nationalchildday.org\/national-child-day-2021-colouring-contest\/\"]}]},{\"@type\":\"ImageObject\",\"inLanguage\":\"fr-CA\",\"@id\":\"https:\/\/nationalchildday.org\/national-child-day-2021-colouring-contest\/#primaryimage\",\"url\":\"https:\/\/nationalchildday.org\/wp-content\/uploads\/2021\/10\/ColouringContest.jpeg\",\"contentUrl\":\"https:\/\/nationalchildday.org\/wp-content\/uploads\/2021\/10\/ColouringContest.jpeg\",\"width\":1152,\"height\":768,\"caption\":\"Cute African-American boy with pencils and markers on color background\"},{\"@type\":\"BreadcrumbList\",\"@id\":\"https:\/\/nationalchildday.org\/national-child-day-2021-colouring-contest\/#breadcrumb\",\"itemListElement\":[{\"@type\":\"ListItem\",\"position\":1,\"name\":\"Home\",\"item\":\"https:\/\/nationalchildday.org\/\"},{\"@type\":\"ListItem\",\"position\":2,\"name\":\"National Child Day 2021 Colouring Contest\"}]},{\"@type\":\"WebSite\",\"@id\":\"https:\/\/nationalchildday.org\/#website\",\"url\":\"https:\/\/nationalchildday.org\/\",\"name\":\"National Child Day\",\"description\":\"EVERY child has something in common - their rights!\",\"publisher\":{\"@id\":\"https:\/\/nationalchildday.org\/#organization\"},\"potentialAction\":[{\"@type\":\"SearchAction\",\"target\":{\"@type\":\"EntryPoint\",\"urlTemplate\":\"https:\/\/nationalchildday.org\/?s={search_term_string}\"},\"query-input\":{\"@type\":\"PropertyValueSpecification\",\"valueRequired\":true,\"valueName\":\"search_term_string\"}}],\"inLanguage\":\"fr-CA\"},{\"@type\":\"Organization\",\"@id\":\"https:\/\/nationalchildday.org\/#organization\",\"name\":\"Children First Canada\",\"url\":\"https:\/\/nationalchildday.org\/\",\"logo\":{\"@type\":\"ImageObject\",\"inLanguage\":\"fr-CA\",\"@id\":\"https:\/\/nationalchildday.org\/#\/schema\/logo\/image\/\",\"url\":\"https:\/\/nationalchildday.org\/wp-content\/uploads\/2019\/09\/national-child-day-footer.png\",\"contentUrl\":\"https:\/\/nationalchildday.org\/wp-content\/uploads\/2019\/09\/national-child-day-footer.png\",\"width\":233,\"height\":221,\"caption\":\"Children First Canada\"},\"image\":{\"@id\":\"https:\/\/nationalchildday.org\/#\/schema\/logo\/image\/\"},\"sameAs\":[\"https:\/\/www.facebook.com\/childrenfirstcanada\/\",\"https:\/\/x.com\/children1stca\",\"https:\/\/www.instagram.com\/children1stca\/\"]},{\"@type\":\"Person\",\"@id\":\"https:\/\/nationalchildday.org\/#\/schema\/person\/a408084444c74ac4a5c71b23fdc0a9ce\",\"name\":\"Aurelie Chaumeret\",\"image\":{\"@type\":\"ImageObject\",\"inLanguage\":\"fr-CA\",\"@id\":\"https:\/\/nationalchildday.org\/#\/schema\/person\/image\/\",\"url\":\"https:\/\/secure.gravatar.com\/avatar\/49a3374f9d07fbb003c17aa60eca50f9fd2a82f9c1428d6fbb46b5c5696b44e2?s=96&d=mm&r=g\",\"contentUrl\":\"https:\/\/secure.gravatar.com\/avatar\/49a3374f9d07fbb003c17aa60eca50f9fd2a82f9c1428d6fbb46b5c5696b44e2?s=96&d=mm&r=g\",\"caption\":\"Aurelie Chaumeret\"}}]}<\/script>\n<!-- \/ Yoast SEO plugin. -->","yoast_head_json":{"title":"Concours de coloriage de la Journ\u00e9e nationale de l&#039;enfant 2021 \u2022 Journ\u00e9e nationale de l&#039;enfant","robots":{"index":"index","follow":"follow","max-snippet":"max-snippet:-1","max-image-preview":"max-image-preview:large","max-video-preview":"max-video-preview:-1"},"canonical":"https:\/\/nationalchildday.org\/fr\/national-child-day-2021-colouring-contest\/","og_locale":"fr_CA","og_type":"article","og_title":"National Child Day 2021 Colouring Contest &#8226; National Child Day","og_description":"Click here for the National Child Day 2021 Colouring Contest Winners!\u00a0 National Child Day is just around the corner on November 20. It\u2019s a time to recognize Canada\u2019s commitment to upholding the rights of children from coast to coast to coast. There are 8 million kids in Canada and they deserve to learn about their [&hellip;]","og_url":"https:\/\/nationalchildday.org\/fr\/national-child-day-2021-colouring-contest\/","og_site_name":"National Child Day","article_publisher":"https:\/\/www.facebook.com\/childrenfirstcanada\/","article_published_time":"2021-11-01T19:48:18+00:00","article_modified_time":"2021-11-18T17:54:07+00:00","og_image":[{"width":1152,"height":768,"url":"https:\/\/nationalchildday.org\/wp-content\/uploads\/2021\/10\/ColouringContest.jpeg","type":"image\/jpeg"}],"author":"Aurelie Chaumeret","twitter_card":"summary_large_image","twitter_creator":"@children1stca","twitter_site":"@children1stca","twitter_misc":{"\u00c9crit par":"Aurelie Chaumeret","Estimation du temps de lecture":"2 minutes"},"schema":{"@context":"https:\/\/schema.org","@graph":[{"@type":"Article","@id":"https:\/\/nationalchildday.org\/national-child-day-2021-colouring-contest\/#article","isPartOf":{"@id":"https:\/\/nationalchildday.org\/national-child-day-2021-colouring-contest\/"},"author":{"name":"Aurelie Chaumeret","@id":"https:\/\/nationalchildday.org\/#\/schema\/person\/a408084444c74ac4a5c71b23fdc0a9ce"},"headline":"National Child Day 2021 Colouring Contest","datePublished":"2021-11-01T19:48:18+00:00","dateModified":"2021-11-18T17:54:07+00:00","mainEntityOfPage":{"@id":"https:\/\/nationalchildday.org\/national-child-day-2021-colouring-contest\/"},"wordCount":358,"commentCount":0,"publisher":{"@id":"https:\/\/nationalchildday.org\/#organization"},"image":{"@id":"https:\/\/nationalchildday.org\/national-child-day-2021-colouring-contest\/#primaryimage"},"thumbnailUrl":"https:\/\/nationalchildday.org\/wp-content\/uploads\/2021\/10\/ColouringContest.jpeg","articleSection":["Uncategorized"],"inLanguage":"fr-CA","potentialAction":[{"@type":"CommentAction","name":"Comment","target":["https:\/\/nationalchildday.org\/national-child-day-2021-colouring-contest\/#respond"]}]},{"@type":"WebPage","@id":"https:\/\/nationalchildday.org\/national-child-day-2021-colouring-contest\/","url":"https:\/\/nationalchildday.org\/national-child-day-2021-colouring-contest\/","name":"Concours de coloriage de la Journ\u00e9e nationale de l&#039;enfant 2021 \u2022 Journ\u00e9e nationale de l&#039;enfant","isPartOf":{"@id":"https:\/\/nationalchildday.org\/#website"},"primaryImageOfPage":{"@id":"https:\/\/nationalchildday.org\/national-child-day-2021-colouring-contest\/#primaryimage"},"image":{"@id":"https:\/\/nationalchildday.org\/national-child-day-2021-colouring-contest\/#primaryimage"},"thumbnailUrl":"https:\/\/nationalchildday.org\/wp-content\/uploads\/2021\/10\/ColouringContest.jpeg","datePublished":"2021-11-01T19:48:18+00:00","dateModified":"2021-11-18T17:54:07+00:00","breadcrumb":{"@id":"https:\/\/nationalchildday.org\/national-child-day-2021-colouring-contest\/#breadcrumb"},"inLanguage":"fr-CA","potentialAction":[{"@type":"ReadAction","target":["https:\/\/nationalchildday.org\/national-child-day-2021-colouring-contest\/"]}]},{"@type":"ImageObject","inLanguage":"fr-CA","@id":"https:\/\/nationalchildday.org\/national-child-day-2021-colouring-contest\/#primaryimage","url":"https:\/\/nationalchildday.org\/wp-content\/uploads\/2021\/10\/ColouringContest.jpeg","contentUrl":"https:\/\/nationalchildday.org\/wp-content\/uploads\/2021\/10\/ColouringContest.jpeg","width":1152,"height":768,"caption":"Cute African-American boy with pencils and markers on color background"},{"@type":"BreadcrumbList","@id":"https:\/\/nationalchildday.org\/national-child-day-2021-colouring-contest\/#breadcrumb","itemListElement":[{"@type":"ListItem","position":1,"name":"Home","item":"https:\/\/nationalchildday.org\/"},{"@type":"ListItem","position":2,"name":"National Child Day 2021 Colouring Contest"}]},{"@type":"WebSite","@id":"https:\/\/nationalchildday.org\/#website","url":"https:\/\/nationalchildday.org\/","name":"Journ\u00e9e nationale de l&#039;enfant","description":"CHAQUE enfant a quelque chose en commun : ses droits !","publisher":{"@id":"https:\/\/nationalchildday.org\/#organization"},"potentialAction":[{"@type":"SearchAction","target":{"@type":"EntryPoint","urlTemplate":"https:\/\/nationalchildday.org\/?s={search_term_string}"},"query-input":{"@type":"PropertyValueSpecification","valueRequired":true,"valueName":"search_term_string"}}],"inLanguage":"fr-CA"},{"@type":"Organization","@id":"https:\/\/nationalchildday.org\/#organization","name":"Les enfants d&#039;abord Canada","url":"https:\/\/nationalchildday.org\/","logo":{"@type":"ImageObject","inLanguage":"fr-CA","@id":"https:\/\/nationalchildday.org\/#\/schema\/logo\/image\/","url":"https:\/\/nationalchildday.org\/wp-content\/uploads\/2019\/09\/national-child-day-footer.png","contentUrl":"https:\/\/nationalchildday.org\/wp-content\/uploads\/2019\/09\/national-child-day-footer.png","width":233,"height":221,"caption":"Children First Canada"},"image":{"@id":"https:\/\/nationalchildday.org\/#\/schema\/logo\/image\/"},"sameAs":["https:\/\/www.facebook.com\/childrenfirstcanada\/","https:\/\/x.com\/children1stca","https:\/\/www.instagram.com\/children1stca\/"]},{"@type":"Person","@id":"https:\/\/nationalchildday.org\/#\/schema\/person\/a408084444c74ac4a5c71b23fdc0a9ce","name":"Aur\u00e9lie Chaumeret","image":{"@type":"ImageObject","inLanguage":"fr-CA","@id":"https:\/\/nationalchildday.org\/#\/schema\/person\/image\/","url":"https:\/\/secure.gravatar.com\/avatar\/49a3374f9d07fbb003c17aa60eca50f9fd2a82f9c1428d6fbb46b5c5696b44e2?s=96&d=mm&r=g","contentUrl":"https:\/\/secure.gravatar.com\/avatar\/49a3374f9d07fbb003c17aa60eca50f9fd2a82f9c1428d6fbb46b5c5696b44e2?s=96&d=mm&r=g","caption":"Aurelie Chaumeret"}}]}},"jetpack_featured_media_url":"https:\/\/nationalchildday.org\/wp-content\/uploads\/2021\/10\/ColouringContest.jpeg","_links":{"self":[{"href":"https:\/\/nationalchildday.org\/fr\/wp-json\/wp\/v2\/posts\/12047","targetHints":{"allow":["GET"]}}],"collection":[{"href":"https:\/\/nationalchildday.org\/fr\/wp-json\/wp\/v2\/posts"}],"about":[{"href":"https:\/\/nationalchildday.org\/fr\/wp-json\/wp\/v2\/types\/post"}],"author":[{"embeddable":true,"href":"https:\/\/nationalchildday.org\/fr\/wp-json\/wp\/v2\/users\/3"}],"replies":[{"embeddable":true,"href":"https:\/\/nationalchildday.org\/fr\/wp-json\/wp\/v2\/comments?post=12047"}],"version-history":[{"count":0,"href":"https:\/\/nationalchildday.org\/fr\/wp-json\/wp\/v2\/posts\/12047\/revisions"}],"wp:featuredmedia":[{"embeddable":true,"href":"https:\/\/nationalchildday.org\/fr\/wp-json\/wp\/v2\/media\/11750"}],"wp:attachment":[{"href":"https:\/\/nationalchildday.org\/fr\/wp-json\/wp\/v2\/media?parent=12047"}],"wp:term":[{"taxonomy":"category","embeddable":true,"href":"https:\/\/nationalchildday.org\/fr\/wp-json\/wp\/v2\/categories?post=12047"},{"taxonomy":"post_tag","embeddable":true,"href":"https:\/\/nationalchildday.org\/fr\/wp-json\/wp\/v2\/tags?post=12047"}],"curies":[{"name":"wp","href":"https:\/\/api.w.org\/{rel}","templated":true}]}}